{"id":2014,"date":"2022-09-19T15:01:45","date_gmt":"2022-09-19T14:01:45","guid":{"rendered":"https:\/\/cocreate.pt\/?p=2014"},"modified":"2022-09-27T18:51:30","modified_gmt":"2022-09-27T17:51:30","slug":"alexandra-ribeiro-cocreate-coworking-members","status":"publish","type":"post","link":"https:\/\/cocreate.pt\/es\/alexandra-ribeiro-cocreate-coworking-members\/","title":{"rendered":"Conoce a Alexandra Ribeiro: Miembros de CoCreate Coworking"},"content":{"rendered":"<div data-elementor-type=\"wp-post\" data-elementor-id=\"2014\" class=\"elementor elementor-2014\" data-elementor-post-type=\"post\">\n\t\t\t\t\t\t<section class=\"elementor-section elementor-top-section elementor-element elementor-element-339d4465 elementor-section-boxed elementor-section-height-default elementor-section-height-default\" data-id=\"339d4465\" data-element_type=\"section\" data-e-type=\"section\">\n\t\t\t\t\t\t<div class=\"elementor-container elementor-column-gap-default\">\n\t\t\t\t\t<div class=\"elementor-column elementor-col-100 elementor-top-column elementor-element elementor-element-5b8f7003\" data-id=\"5b8f7003\" data-element_type=\"column\" data-e-type=\"column\">\n\t\t\t<div class=\"elementor-widget-wrap elementor-element-populated\">\n\t\t\t\t\t\t<div class=\"elementor-element elementor-element-2a1c0db elementor-widget elementor-widget-text-editor\" data-id=\"2a1c0db\" data-element_type=\"widget\" data-e-type=\"widget\" data-widget_type=\"text-editor.default\">\n\t\t\t\t<div class=\"elementor-widget-container\">\n\t\t\t\t\t\t\t\t\t\n<p>Dado que el espacio de coworking CoCreate es un lugar para conocer, comprometerse y trabajar con nuevos e interesantes creativos, hemos decidido utilizar esta plataforma para hablar de las incre\u00edbles personas que hemos conocido a lo largo del camino. Algunos de ellos se quedan m\u00e1s tiempo en CoCreate, influyendo en la atm\u00f3sfera creativa de todo el lugar (lo dejaremos para el pr\u00f3ximo post) y otros aparecen s\u00f3lo un d\u00eda, durante su viaje por Portugal.<\/p>\n\n<h2 class=\"wp-block-heading\">\u00a1Saluda a Alex!<\/h2>\n\n<figure class=\"wp-block-image size-large\"><img fetchpriority=\"high\" decoding=\"async\" width=\"768\" height=\"1024\" class=\"wp-image-2015\" src=\"https:\/\/cocreate.pt\/wp-content\/uploads\/2022\/09\/IMG-3886-768x1024.jpg\" alt=\"\" srcset=\"https:\/\/cocreate.pt\/wp-content\/uploads\/2022\/09\/IMG-3886-768x1024.jpg 768w, https:\/\/cocreate.pt\/wp-content\/uploads\/2022\/09\/IMG-3886-225x300.jpg 225w, https:\/\/cocreate.pt\/wp-content\/uploads\/2022\/09\/IMG-3886-1152x1536.jpg 1152w, https:\/\/cocreate.pt\/wp-content\/uploads\/2022\/09\/IMG-3886-1536x2048.jpg 1536w, https:\/\/cocreate.pt\/wp-content\/uploads\/2022\/09\/IMG-3886-9x12.jpg 9w, https:\/\/cocreate.pt\/wp-content\/uploads\/2022\/09\/IMG-3886-600x800.jpg 600w, https:\/\/cocreate.pt\/wp-content\/uploads\/2022\/09\/IMG-3886-scaled.jpg 1920w\" sizes=\"(max-width: 768px) 100vw, 768px\" \/>\n<figcaption><em>Alexandra trabajando fuera del espacio de coworking CoCreate en Portimao<\/em><\/figcaption>\n<\/figure>\n\n<p>Esta historia se refiere a Alexandra Ribeiro, una joven mujer, que estuvo encantada de compartir sus experiencias creativas y su mente imaginativa con nosotros. Siendo ella misma una dise\u00f1adora gr\u00e1fica creativa, es una de esas personas que complementa el espacio de coworking CoCreate con su alegre personalidad llena de pasi\u00f3n, inspiraci\u00f3n y creatividad.  Alexandra es una portuguesa de 29 a\u00f1os, a la que le gusta que la llamen simplemente Alex, es de una peque\u00f1a ciudad en el centro de Portugal llamada Ma\u00e7\u00e3o. Le gusta bromear diciendo que la mayor\u00eda de los portugueses ni siquiera conocen este pueblo, porque es as\u00ed de peque\u00f1o. Todos los miembros de su familia, o las muchas generaciones de sus antepasados, residen o han vivido en este pueblo, seg\u00fan Alex. Ella fue una de las primeras personas en trasladarse tan al sur para vivir en Portimao, una ciudad del Algarve.<\/p>\n\n<p>La dise\u00f1adora gr\u00e1fica pas\u00f3 a\u00f1os viajando y trabajando como n\u00f3mada digital en numerosas naciones despu\u00e9s de terminar su carrera en Lisboa. Tras regresar de sus viajes, Alex fij\u00f3 su residencia en Peniche, un municipio costero del distrito de Leiria, en el centro de Portugal. Aunque actualmente reside en Portimao, Peniche ocupa un lugar importante en su vida, que est\u00e1 repleta de sus esfuerzos creativos, amigos cercanos y un estilo de vida parecido al deporte: el surf.<\/p>\n\n<figure class=\"wp-block-image size-large\"><img decoding=\"async\" width=\"1024\" height=\"705\" class=\"wp-image-2016\" src=\"https:\/\/cocreate.pt\/wp-content\/uploads\/2022\/09\/lachlan-cruickshank-OO1nKBRyfwM-unsplash-1024x705.jpg\" alt=\"\" srcset=\"https:\/\/cocreate.pt\/wp-content\/uploads\/2022\/09\/lachlan-cruickshank-OO1nKBRyfwM-unsplash-1024x705.jpg 1024w, https:\/\/cocreate.pt\/wp-content\/uploads\/2022\/09\/lachlan-cruickshank-OO1nKBRyfwM-unsplash-300x206.jpg 300w, https:\/\/cocreate.pt\/wp-content\/uploads\/2022\/09\/lachlan-cruickshank-OO1nKBRyfwM-unsplash-768x528.jpg 768w, https:\/\/cocreate.pt\/wp-content\/uploads\/2022\/09\/lachlan-cruickshank-OO1nKBRyfwM-unsplash-1536x1057.jpg 1536w, https:\/\/cocreate.pt\/wp-content\/uploads\/2022\/09\/lachlan-cruickshank-OO1nKBRyfwM-unsplash-2048x1409.jpg 2048w, https:\/\/cocreate.pt\/wp-content\/uploads\/2022\/09\/lachlan-cruickshank-OO1nKBRyfwM-unsplash-18x12.jpg 18w, https:\/\/cocreate.pt\/wp-content\/uploads\/2022\/09\/lachlan-cruickshank-OO1nKBRyfwM-unsplash-600x413.jpg 600w\" sizes=\"(max-width: 1024px) 100vw, 1024px\" \/>\n<figcaption><em>Fuerte de Sao Joao Baptista, Peniche (Foto realizada por Lachlan Cruickshank)<\/em><\/figcaption>\n<\/figure>\n\n<p>Alexandra es una dise\u00f1adora gr\u00e1fica que comenz\u00f3 a trabajar con varias marcas en las que se encarga de todos los aspectos de la comunicaci\u00f3n de la marca, incluyendo el marketing, las redes sociales y, por supuesto, el dise\u00f1o gr\u00e1fico.<\/p>\n\n<p>He aqu\u00ed un breve extracto de la conversaci\u00f3n original con Alex que ayuda a conectar un poco con lo que es ella:<\/p>\n\n<p><strong>-Entonces, Alex, \u00bfdisfrutas de las cosas que haces para trabajar?<\/strong><\/p>\n\n<p>-S\u00ed, me gusta, sobre todo porque trabajo de forma tan amplia, no s\u00f3lo centr\u00e1ndome en el dise\u00f1o gr\u00e1fico, sino tambi\u00e9n incluyendo la parte de comunicaci\u00f3n de una empresa, as\u00ed como su posicionamiento de marca. Eso hace que mi trabajo sea m\u00e1s din\u00e1mico y cambiante.<\/p>\n\n<p><strong>-\u00bfEn qu\u00e9 se inspira su trabajo?<\/strong><\/p>\n\n<p>-He estado trabajando sobre todo con empresas m\u00e1s peque\u00f1as y la ventaja de trabajar con ellas, creo, era ver los resultados m\u00e1s r\u00e1pidamente, donde tambi\u00e9n puedes notar c\u00f3mo repercute en la gente personalmente, se emocionan m\u00e1s con la evoluci\u00f3n de las cosas y me encanta la parte en la que puedes ver realmente que tu trabajo est\u00e1 marcando la diferencia. Esa es una de las razones por las que disfruto trabajando en este entorno.\u00a0<\/p>\n\n<p><strong>-Parece que est\u00e1 muy satisfecho con su trabajo.<\/strong><\/p>\n\n<p>-S\u00ed (sonr\u00ede), puedo decir que estoy en un buen momento, en el que puedo marcar la diferencia para las marcas con las que trabajo. Siento que hay mucho potencial para crecer y tengo muchas m\u00e1s ideas, as\u00ed que en ese sentido me siento muy realizada. Otras veces siento que quiero hacer tanto que puedo llegar a sentirme abrumada por la creatividad, pero esa es probablemente la lucha de todo creativo.\u00a0<\/p>\n\n<p><strong>-\u00bfY hacia d\u00f3nde ve su carrera en el futuro?<\/strong><\/p>\n\n<p>-Honestamente en cuanto a la carrera, hablando de la presencia, siento que estoy en el camino correcto o donde deber\u00eda estar. Tal vez me veo delegando m\u00e1s mi trabajo de manera que en lugar de hacerlo todo yo sola cuando se trata de crear una imagen de marca, podr\u00eda m\u00e1s bien dirigir o dar orientaci\u00f3n a otros. Bueno, pero adem\u00e1s de mi trabajo, me gustar\u00eda centrarme m\u00e1s en proyectos separados y personales, que ser\u00edan m\u00e1s bien cosas divertidas, pero tambi\u00e9n ir\u00edan en paralelo a mi trabajo. Siento que a lo largo de mi vida me gustar\u00eda hacer m\u00e1s aficiones. Por ejemplo, cuando estaba encerrado decid\u00ed dibujar un sol todos los d\u00edas para compartir la positividad con los dem\u00e1s. No era s\u00f3lo dibujar un sol, sino algo as\u00ed como 5 minutos de creatividad cada d\u00eda, que inclu\u00eda no s\u00f3lo el dibujo, a veces ser\u00eda la fotograf\u00eda, a veces la animaci\u00f3n.\u00a0<\/p>\n\n<p>Estos 5 minutos de la vida cotidiana han evolucionado en un proyecto llamado \"Sunny Everyday\" que Alexandra comenz\u00f3 en 2020 durante el bloqueo en Portugal causado por el virus global. La exposici\u00f3n fue compartida en una de las galer\u00edas de la ciudad de Peniche llamada <a href=\"https:\/\/www.rabecaferrel.pt\/\" target=\"_blank\" rel=\"noreferrer noopener\">Rabeca Ferrel<\/a>. Como ella misma explica, \"para m\u00ed era una situaci\u00f3n en la que todos sal\u00edan ganando, ya que aportaba algo de positividad al mundo y me hac\u00eda sentir m\u00e1s feliz a m\u00ed misma\".<\/p>\n\n<p>\u00a0<\/p>\n\n<figure class=\"wp-block-image size-full\"><img decoding=\"async\" width=\"706\" height=\"529\" class=\"wp-image-2017\" src=\"https:\/\/cocreate.pt\/wp-content\/uploads\/2022\/09\/Screen-Shot-2022-09-15-at-12.02.54.png\" alt=\"\" srcset=\"https:\/\/cocreate.pt\/wp-content\/uploads\/2022\/09\/Screen-Shot-2022-09-15-at-12.02.54.png 706w, https:\/\/cocreate.pt\/wp-content\/uploads\/2022\/09\/Screen-Shot-2022-09-15-at-12.02.54-300x225.png 300w, https:\/\/cocreate.pt\/wp-content\/uploads\/2022\/09\/Screen-Shot-2022-09-15-at-12.02.54-16x12.png 16w, https:\/\/cocreate.pt\/wp-content\/uploads\/2022\/09\/Screen-Shot-2022-09-15-at-12.02.54-600x450.png 600w\" sizes=\"(max-width: 706px) 100vw, 706px\" \/><\/figure>\n\n<figure class=\"wp-block-image size-full\"><img loading=\"lazy\" decoding=\"async\" width=\"707\" height=\"531\" class=\"wp-image-2018\" src=\"https:\/\/cocreate.pt\/wp-content\/uploads\/2022\/09\/Screen-Shot-2022-09-15-at-12.02.42.png\" alt=\"\" srcset=\"https:\/\/cocreate.pt\/wp-content\/uploads\/2022\/09\/Screen-Shot-2022-09-15-at-12.02.42.png 707w, https:\/\/cocreate.pt\/wp-content\/uploads\/2022\/09\/Screen-Shot-2022-09-15-at-12.02.42-300x225.png 300w, https:\/\/cocreate.pt\/wp-content\/uploads\/2022\/09\/Screen-Shot-2022-09-15-at-12.02.42-16x12.png 16w, https:\/\/cocreate.pt\/wp-content\/uploads\/2022\/09\/Screen-Shot-2022-09-15-at-12.02.42-600x451.png 600w\" sizes=\"(max-width: 707px) 100vw, 707px\" \/>\n<figcaption><em>Fotos de la exposici\u00f3n \"Sunny Everyday\" en la galer\u00eda Rabeca, Peniche<\/em><\/figcaption>\n<\/figure>\n\n<p>Junto con la exposici\u00f3n Sunny Everyday en la galer\u00eda, se invit\u00f3 a la gente a participar en la creaci\u00f3n de arte dibujando el sol y la felicidad en las ventanas de <a href=\"https:\/\/www.facebook.com\/largo.space\" target=\"_blank\" rel=\"noreferrer noopener\">Espacio Largo<\/a>uno de los espacios de coworking de Peniche desde donde Alex sol\u00eda trabajar.\u00a0<\/p>\n\n<p>Los participantes dibujaron y pintaron diversas formas de alegr\u00eda y luz solar, mientras apoyaban la idea llevando las m\u00e1scaras faciales creadas por Alex como escudo contra el virus, que fueron producidas en colaboraci\u00f3n con una empresa fabricante. Posteriormente la colaboraci\u00f3n se ha ampliado con la producci\u00f3n de sudaderas, camisetas y cuadernos de la misma colecci\u00f3n Sunny Everyday.\u00a0<\/p>\n\n<figure class=\"wp-block-image size-large\"><img loading=\"lazy\" decoding=\"async\" width=\"1024\" height=\"484\" class=\"wp-image-2020\" src=\"https:\/\/cocreate.pt\/wp-content\/uploads\/2022\/09\/Screen-Shot-2022-09-15-at-11.57.25-1024x484.png\" alt=\"\" srcset=\"https:\/\/cocreate.pt\/wp-content\/uploads\/2022\/09\/Screen-Shot-2022-09-15-at-11.57.25-1024x484.png 1024w, https:\/\/cocreate.pt\/wp-content\/uploads\/2022\/09\/Screen-Shot-2022-09-15-at-11.57.25-300x142.png 300w, https:\/\/cocreate.pt\/wp-content\/uploads\/2022\/09\/Screen-Shot-2022-09-15-at-11.57.25-768x363.png 768w, https:\/\/cocreate.pt\/wp-content\/uploads\/2022\/09\/Screen-Shot-2022-09-15-at-11.57.25-18x9.png 18w, https:\/\/cocreate.pt\/wp-content\/uploads\/2022\/09\/Screen-Shot-2022-09-15-at-11.57.25-600x283.png 600w, https:\/\/cocreate.pt\/wp-content\/uploads\/2022\/09\/Screen-Shot-2022-09-15-at-11.57.25.png 1344w\" sizes=\"(max-width: 1024px) 100vw, 1024px\" \/><\/figure>\n\n<div class=\"wp-block-columns is-layout-flex wp-container-core-columns-is-layout-28f84493 wp-block-columns-is-layout-flex\"><\/div>\n\t\t\t\t\t\t\t\t<\/div>\n\t\t\t\t<\/div>\n\t\t\t\t\t<\/div>\n\t\t<\/div>\n\t\t\t\t\t<\/div>\n\t\t<\/section>\n\t\t<div class=\"elementor-element elementor-element-518c045 e-flex e-con-boxed e-con e-parent\" data-id=\"518c045\" data-element_type=\"container\" data-e-type=\"container\">\n\t\t\t\t\t<div class=\"e-con-inner\">\n\t\t<div class=\"elementor-element elementor-element-5220897 e-con-full e-flex e-con e-parent\" data-id=\"5220897\" data-element_type=\"container\" data-e-type=\"container\">\n\t\t\t\t<div class=\"elementor-element elementor-element-1a6eaa5 elementor-widget elementor-widget-image\" data-id=\"1a6eaa5\" data-element_type=\"widget\" data-e-type=\"widget\" data-widget_type=\"image.default\">\n\t\t\t\t<div class=\"elementor-widget-container\">\n\t\t\t\t\t\t\t\t\t\t\t\t\t\t\t<img loading=\"lazy\" decoding=\"async\" width=\"785\" height=\"589\" src=\"https:\/\/cocreate.pt\/wp-content\/uploads\/2022\/09\/Screen-Shot-2022-09-15-at-12.16.49.png\" class=\"attachment-large size-large wp-image-2021\" alt=\"espacio de coworking peniche\" srcset=\"https:\/\/cocreate.pt\/wp-content\/uploads\/2022\/09\/Screen-Shot-2022-09-15-at-12.16.49.png 785w, https:\/\/cocreate.pt\/wp-content\/uploads\/2022\/09\/Screen-Shot-2022-09-15-at-12.16.49-300x225.png 300w, https:\/\/cocreate.pt\/wp-content\/uploads\/2022\/09\/Screen-Shot-2022-09-15-at-12.16.49-768x576.png 768w, https:\/\/cocreate.pt\/wp-content\/uploads\/2022\/09\/Screen-Shot-2022-09-15-at-12.16.49-16x12.png 16w, https:\/\/cocreate.pt\/wp-content\/uploads\/2022\/09\/Screen-Shot-2022-09-15-at-12.16.49-600x450.png 600w\" sizes=\"(max-width: 785px) 100vw, 785px\" \/>\t\t\t\t\t\t\t\t\t\t\t\t\t\t\t<\/div>\n\t\t\t\t<\/div>\n\t\t\t\t<div class=\"elementor-element elementor-element-36996ca elementor-widget elementor-widget-text-editor\" data-id=\"36996ca\" data-element_type=\"widget\" data-e-type=\"widget\" data-widget_type=\"text-editor.default\">\n\t\t\t\t<div class=\"elementor-widget-container\">\n\t\t\t\t\t\t\t\t\t<p>Fotos del coworking Largo Space en Peniche<\/p>\t\t\t\t\t\t\t\t<\/div>\n\t\t\t\t<\/div>\n\t\t\t\t<\/div>\n\t\t<div class=\"elementor-element elementor-element-909b788 e-con-full e-flex e-con e-parent\" data-id=\"909b788\" data-element_type=\"container\" data-e-type=\"container\">\n\t\t\t\t<div class=\"elementor-element elementor-element-c5732b0 elementor-widget elementor-widget-image\" data-id=\"c5732b0\" data-element_type=\"widget\" data-e-type=\"widget\" data-widget_type=\"image.default\">\n\t\t\t\t<div class=\"elementor-widget-container\">\n\t\t\t\t\t\t\t\t\t\t\t\t\t\t\t<img loading=\"lazy\" decoding=\"async\" width=\"781\" height=\"586\" src=\"https:\/\/cocreate.pt\/wp-content\/uploads\/2022\/09\/Screen-Shot-2022-09-15-at-12.16.59.png\" class=\"attachment-large size-large wp-image-2022\" alt=\"instalaci\u00f3n art\u00edstica de coworking\" srcset=\"https:\/\/cocreate.pt\/wp-content\/uploads\/2022\/09\/Screen-Shot-2022-09-15-at-12.16.59.png 781w, https:\/\/cocreate.pt\/wp-content\/uploads\/2022\/09\/Screen-Shot-2022-09-15-at-12.16.59-300x225.png 300w, https:\/\/cocreate.pt\/wp-content\/uploads\/2022\/09\/Screen-Shot-2022-09-15-at-12.16.59-768x576.png 768w, https:\/\/cocreate.pt\/wp-content\/uploads\/2022\/09\/Screen-Shot-2022-09-15-at-12.16.59-16x12.png 16w, https:\/\/cocreate.pt\/wp-content\/uploads\/2022\/09\/Screen-Shot-2022-09-15-at-12.16.59-600x450.png 600w\" sizes=\"(max-width: 781px) 100vw, 781px\" \/>\t\t\t\t\t\t\t\t\t\t\t\t\t\t\t<\/div>\n\t\t\t\t<\/div>\n\t\t\t\t<\/div>\n\t\t\t\t\t<\/div>\n\t\t\t\t<\/div>\n\t\t<div class=\"elementor-element elementor-element-8e03cf1 e-flex e-con-boxed e-con e-parent\" data-id=\"8e03cf1\" data-element_type=\"container\" data-e-type=\"container\">\n\t\t\t\t\t<div class=\"e-con-inner\">\n\t\t\t\t<div class=\"elementor-element elementor-element-a072aa3 elementor-widget elementor-widget-text-editor\" data-id=\"a072aa3\" data-element_type=\"widget\" data-e-type=\"widget\" data-widget_type=\"text-editor.default\">\n\t\t\t\t<div class=\"elementor-widget-container\">\n\t\t\t\t\t\t\t\t\t<p>Al hablar con Alex, se puede sentir la c\u00e1lida emoci\u00f3n y el entusiasmo que brota de lo m\u00e1s profundo de su coraz\u00f3n. Alexandra no dej\u00f3 que el espacio de coworking CoCreate pasara desapercibido. Lleva seis meses utilizando este espacio de coworking y, desde que empez\u00f3 a trabajar en CoCreate, se sinti\u00f3 atra\u00edda por su ambiente \u00edntimo y acogedor, luminoso y lleno de flores. En CoCreate, ha hecho amistades a las que ahora puede llamar amigos e incluso compa\u00f1eros de trabajo. Un compa\u00f1ero de coworking le recomend\u00f3 a uno de sus clientes y, desde entonces, Alex trabaja con ellos. El mejor aspecto de trabajar en CoCreate, explica, es que tienes visitantes regulares con los que mantienes estrechos lazos y al mismo tiempo tienes la oportunidad de interactuar con gente nueva que te visita durante un d\u00eda o dos. La gente suele debatir o buscar la opini\u00f3n de los dem\u00e1s sobre muchos temas, como el dise\u00f1o, lo que hace que me sienta motivada e inspirada mientras trabajo en CoCreate.<\/p>\n<p><\/p>\n<p>Para saber m\u00e1s sobre el trabajo de Alex y seguir su trayectoria:<\/p>\n<p><\/p>\n<p><a href=\"http:\/\/www.alexandra-ribeiro.com\" target=\"_blank\" rel=\"noopener\">www.alexandra-ribeiro.com<\/a>&nbsp;<\/p>\n<p><\/p>\n<p><a href=\"https:\/\/www.instagram.com\/sunnyyyeveryday\/\" target=\"_blank\" rel=\"noopener\">https:\/\/www.instagram.com\/sunnyyyeveryday\/<\/a><\/p>\n<p><\/p>\n<p><a href=\"https:\/\/soundslike.us\/\" target=\"_blank\" rel=\"noopener\">https:\/\/soundslike.us\/<\/a><\/p>\t\t\t\t\t\t\t\t<\/div>\n\t\t\t\t<\/div>\n\t\t\t\t\t<\/div>\n\t\t\t\t<\/div>\n\t\t\t\t<\/div>","protected":false},"excerpt":{"rendered":"<p>Since CoCreate coworking space is a place to meet, engage and work with new interesting creatives, we decided to use this platform to talk about incredible people we met along the way. Some of them stay longer at CoCreate, influencing the creative atmosphere of the entire place (we will save it for the next post) [&hellip;]<\/p>\n","protected":false},"author":69,"featured_media":2238,"comment_status":"closed","ping_status":"closed","sticky":false,"template":"","format":"standard","meta":{"footnotes":""},"categories":[1],"tags":[],"class_list":["post-2014","post","type-post","status-publish","format-standard","has-post-thumbnail","hentry","category-uncategorized"],"_links":{"self":[{"href":"https:\/\/cocreate.pt\/es\/wp-json\/wp\/v2\/posts\/2014","targetHints":{"allow":["GET"]}}],"collection":[{"href":"https:\/\/cocreate.pt\/es\/wp-json\/wp\/v2\/posts"}],"about":[{"href":"https:\/\/cocreate.pt\/es\/wp-json\/wp\/v2\/types\/post"}],"author":[{"embeddable":true,"href":"https:\/\/cocreate.pt\/es\/wp-json\/wp\/v2\/users\/69"}],"replies":[{"embeddable":true,"href":"https:\/\/cocreate.pt\/es\/wp-json\/wp\/v2\/comments?post=2014"}],"version-history":[{"count":71,"href":"https:\/\/cocreate.pt\/es\/wp-json\/wp\/v2\/posts\/2014\/revisions"}],"predecessor-version":[{"id":2254,"href":"https:\/\/cocreate.pt\/es\/wp-json\/wp\/v2\/posts\/2014\/revisions\/2254"}],"wp:featuredmedia":[{"embeddable":true,"href":"https:\/\/cocreate.pt\/es\/wp-json\/wp\/v2\/media\/2238"}],"wp:attachment":[{"href":"https:\/\/cocreate.pt\/es\/wp-json\/wp\/v2\/media?parent=2014"}],"wp:term":[{"taxonomy":"category","embeddable":true,"href":"https:\/\/cocreate.pt\/es\/wp-json\/wp\/v2\/categories?post=2014"},{"taxonomy":"post_tag","embeddable":true,"href":"https:\/\/cocreate.pt\/es\/wp-json\/wp\/v2\/tags?post=2014"}],"curies":[{"name":"wp","href":"https:\/\/api.w.org\/{rel}","templated":true}]}}